{"id":7970,"date":"2019-07-31T16:38:35","date_gmt":"2019-07-31T14:38:35","guid":{"rendered":"https:\/\/www.noxan.pl\/porady\/?p=7970"},"modified":"2025-04-30T11:31:25","modified_gmt":"2025-04-30T09:31:25","slug":"jak-odnowic-meble-kuchenne","status":"publish","type":"post","link":"https:\/\/www.noxan.pl\/porady\/jak-odnowic-meble-kuchenne\/","title":{"rendered":"Jak odnowi\u0107 meble kuchenne?"},"content":{"rendered":"<p style=\"text-align: justify;\">Twoje meble kuchenne przesta\u0142y wygl\u0105da\u0107 estetycznie? Rozwa\u017casz mi\u0119dzy kupnem nowych a renowacj\u0105 starych? Zakup nowych mebli kuchennych bez w\u0105tpienia by\u0142by prostym cho\u0107 do\u015b\u0107 kosztownym rozwi\u0105zaniem. <strong>Zatem jak odnowi\u0107 meble kuchenne?<\/strong> W tej poradzie poka\u017cemy krok po kroku jak tego dokona\u0107.<\/p>\n<h4>Zobacz film : &#8222;Malowanie mebli kuchennych. [Metamorfoza kuchni odc. 2]&#8221;<\/h4>\n<div class=\"row\">\n<div class=\"col-sm-8 col-xs-12 col-sm-offset-2\" style=\"margin-top: 30px;\"><iframe loading=\"lazy\" src=\"https:\/\/www.youtube.com\/embed\/xA9X1wagF8Y\" width=\"100%\" height=\"315\" frameborder=\"0\" allowfullscreen=\"allowfullscreen\"><span data-mce-type=\"bookmark\" style=\"display: inline-block; width: 0px; overflow: hidden; line-height: 0;\" class=\"mce_SELRES_start\">\ufeff<\/span><span data-mce-type=\"bookmark\" style=\"display: inline-block; width: 0px; overflow: hidden; line-height: 0;\" class=\"mce_SELRES_start\"><span data-mce-type=\"bookmark\" style=\"display: inline-block; width: 0px; overflow: hidden; line-height: 0;\" class=\"mce_SELRES_start\">\ufeff<\/span>\ufeff<\/span><\/iframe><\/div>\n<\/div>\n<h3>Demonta\u017c front\u00f3w mebli kuchennych<\/h3>\n<p style=\"text-align: justify;\">Na samym pocz\u0105tku zdejmujemy fronty mebli kuchennych z zawias\u00f3w oraz odkr\u0119camy uchwyty.<\/p>\n<p style=\"text-align: center;\"><img class=\"aligncenter wp-image-6840 size-full lazy\" data-src=\"https:\/\/www.noxan.pl\/porady\/wp-content\/uploads\/2019\/07\/Demonta\u017c-front\u00f3w-szafek-1.jpg\" alt=\"Demonta\u017c front\u00f3w szafek\" width=\"640\" height=\"auto\" \/><\/p>\n<p style=\"text-align: justify;\">Je\u015bli kt\u00f3ry\u015b z mebli kuchennych posiada szyb\u0119, r\u00f3wnie\u017c nale\u017cy j\u0105 zdemontowa\u0107.<\/p>\n<p style=\"text-align: center;\"><img class=\"aligncenter wp-image-6840 size-full lazy\" data-src=\"https:\/\/www.noxan.pl\/porady\/wp-content\/uploads\/2019\/07\/demonta\u017c-szyby.jpg\" alt=\"demonta\u017c szyby\" width=\"640\" height=\"auto\" \/><\/p>\n<h3>Przygotowanie mebli kuchennych do malowania<\/h3>\n<p style=\"text-align: justify;\">Przed przyst\u0105pieniem do odnawiania mebli sprawd\u017amy czy posiadamy wszystkie potrzebne nam akcesoria, czyli:<\/p>\n<ul>\n<li style=\"text-align: justify;\">Farb\u0119 <a title=\"farba do mebli kuchnnych RD-Aquatop PU\" href=\"https:\/\/www.noxan.pl\/higiena\/farba-do-kuchni.html\">RD-Aquatop PU<\/a><\/li>\n<li style=\"text-align: justify;\"><a title=\"p\u0119dzel malarski\" href=\"https:\/\/www.noxan.pl\/narzedzia\/pedzle-malarskie-do-farb-lakierow.html\">p\u0119dzel<\/a>, <a title=\"wa\u0142ek malarski\" href=\"https:\/\/www.noxan.pl\/narzedzia\/walek-malarski-do-epoksydow-poliuretanow.html#walek-z-mikrofibry\">wa\u0142ek<\/a> i <a title=\"kuweta malarska\" href=\"https:\/\/www.noxan.pl\/narzedzia\/kuweta-malarska-do-malowania-wiadro.html\">kuwet\u0119 malarsk\u0105<\/a><\/li>\n<li style=\"text-align: justify;\">r\u0119kawice ochronne, foli\u0119 i ta\u015bm\u0119 malarsk\u0105<\/li>\n<li style=\"text-align: justify;\">misk\u0119 z wod\u0105 i detergentem oraz czyst\u0105 \u015bcierk\u0119<\/li>\n<li style=\"text-align: justify;\">opcjonalnie papier \u015bcierny drobnoziarnisty<\/li>\n<\/ul>\n<p style=\"text-align: center;\"><img class=\"aligncenter wp-image-6840 size-full lazy\" data-src=\"https:\/\/www.noxan.pl\/porady\/wp-content\/uploads\/2019\/07\/Akcesoria-do-malowania-szafek-kuchennych-2.jpg\" alt=\"Akcesoria do malowania szafek kuchennych\" width=\"640\" height=\"auto\" \/><\/p>\n<p style=\"text-align: justify;\">Fronty kuchenne widoczne na zdj\u0119ciach s\u0105 laminowane. W razie ewentualnych uszkodze\u0144 czy p\u0119kni\u0119\u0107 okleiny, istnieje mo\u017cliwo\u015b\u0107 jej usuni\u0119cia.<\/p>\n<p style=\"text-align: center;\"><img class=\"aligncenter wp-image-6840 size-full lazy\" data-src=\"https:\/\/www.noxan.pl\/porady\/wp-content\/uploads\/2019\/07\/front-z-p\u0119kni\u0119t\u0105-oklein\u0105-1.jpg\" alt=\"front z p\u0119kni\u0119t\u0105 oklein\u0105\" width=\"640\" height=\"auto\" \/><\/p>\n<p style=\"text-align: center;\"><img class=\"aligncenter wp-image-6840 size-full lazy\" data-src=\"https:\/\/www.noxan.pl\/porady\/wp-content\/uploads\/2019\/07\/usuwanie-okleiny-1.jpg\" alt=\"usuwanie okleiny\" width=\"640\" height=\"auto\" \/><\/p>\n<p>Warto jednak wiedzie\u0107, \u017ce<strong> usuwanie okleiny si\u0119 wi\u0105\u017ce z du\u017cym nak\u0142adem czasu i pracy.<\/strong> Pod spodem znajduje si\u0119 warstwa kleju, kt\u00f3ry jest trudny do usuni\u0119cia nawet je\u017celi u\u017cyjemy specjalnego preparatu. Dlatego je\u017celi okleina jest w dobrym stanie i dobrze przylega to <strong>z regu\u0142y lepiej j\u0105 zostawi\u0107<\/strong>.<\/p>\n<p style=\"text-align: center;\"><img class=\"aligncenter wp-image-6840 size-full lazy\" data-src=\"https:\/\/www.noxan.pl\/porady\/wp-content\/uploads\/2019\/07\/usuwanie-kleju-1.jpg\" alt=\"usuwanie kleju\" width=\"640\" height=\"auto\" \/><\/p>\n<p style=\"text-align: justify;\">Dla najlepszych efekt\u00f3w, przed odnawianiem mebli kuchennych szlifujemy je za pomoc\u0105 drobnoziarnistego papieru \u015bciernego.<\/p>\n<p style=\"text-align: center;\"><img class=\"aligncenter wp-image-6840 size-full lazy\" data-src=\"https:\/\/www.noxan.pl\/porady\/wp-content\/uploads\/2019\/07\/szlifowanie-frontu-szafki-bez-okleiny-1.jpg\" alt=\"szlifowanie frontu szafki bez okleiny\" width=\"640\" height=\"auto\" \/><\/p>\n<p style=\"text-align: justify;\">Wszystkie fronty myjemy wod\u0105 z detergentem. Na przyk\u0142ad p\u0142ynem do mycia naczy\u0144. Nast\u0119pnie przecieramy wilgotn\u0105 \u015bcierk\u0105 aby usun\u0105\u0107 resztki detergentu i pozostawiamy do wyschni\u0119cia.<\/p>\n<p style=\"text-align: center;\"><img class=\"aligncenter wp-image-6840 size-full lazy\" data-src=\"https:\/\/www.noxan.pl\/porady\/wp-content\/uploads\/2019\/07\/mycie-frontu-szafki-z-oklein\u0105-1.jpg\" alt=\"mycie frontu szafki z oklein\u0105\" width=\"640\" height=\"auto\" \/><\/p>\n<p style=\"text-align: center;\"><img class=\"aligncenter wp-image-6840 size-full lazy\" data-src=\"https:\/\/www.noxan.pl\/porady\/wp-content\/uploads\/2019\/07\/mycie-frontu-szafki-z-szyb\u0105-1.jpg\" alt=\"mycie frontu szafki z szyb\u0105\" width=\"640\" height=\"auto\" \/><\/p>\n<p style=\"text-align: center;\"><img class=\"aligncenter wp-image-6840 size-full lazy\" data-src=\"https:\/\/www.noxan.pl\/porady\/wp-content\/uploads\/2019\/07\/wycieranie-frontu-\u015bcierk\u0105-1.jpg\" alt=\"wycieranie frontu \u015bcierk\u0105\" width=\"640\" height=\"auto\" \/><\/p>\n<p style=\"text-align: center;\"><img class=\"aligncenter wp-image-6840 size-full lazy\" data-src=\"https:\/\/www.noxan.pl\/porady\/wp-content\/uploads\/2019\/07\/front-szafki-1-1.jpg\" alt=\"front szafki\" width=\"640\" height=\"auto\" \/><\/p>\n<h3>Jaka farba do odnawiania mebli kuchennych?<\/h3>\n<p style=\"text-align: justify;\">Do odnowienia mebli w kuchni u\u017cyli\u015bmy farby renowacyjnej <a title=\"farba do mebli RD-Aquatop PU\" href=\"https:\/\/www.noxan.pl\/higiena\/farba-do-kuchni.html\">RD-Aquatop PU<\/a>.<\/p>\n<p style=\"text-align: center;\"><img class=\"aligncenter wp-image-6840 size-full lazy\" data-src=\"https:\/\/www.noxan.pl\/porady\/wp-content\/uploads\/2019\/07\/RD-Aquatop-PU-4.jpg\" alt=\"RD-Aquatop PU\" width=\"640\" height=\"auto\" \/><\/p>\n<p style=\"text-align: justify;\">Jest to wodorozcie\u0144czalna, jednosk\u0142adnikowa emalia przeznaczona do malowania i odnawiania mebli.<br \/>\nBazuje na \u017cywicach akrylowych i poliuretanowych, dzi\u0119ki czemu <strong>posiada bardzo wysok\u0105 odporno\u015b\u0107 na zarysowania, wilgo\u0107 oraz promienie UV<\/strong>. Jest przeznaczona zar\u00f3wno do stosowania <strong>na zewn\u0105trz jak i wewn\u0105trz pomieszcze\u0144<\/strong>, dzi\u0119ki czemu z \u0142atwo\u015bci\u0105 pomalujemy <a title=\"Porada - Jak odnowi\u0107 drzwi pokojowe?\" href=\"https:\/\/www.noxan.pl\/porady\/jak-odnowic-drzwi-pokojowe\/\">drzwi pokojowe<\/a>, meble kuchenne lub nawet <a title=\"Porada - Malowanie, renowacja bramy gara\u017cowej\" href=\"https:\/\/www.noxan.pl\/porady\/malowanie-renowacja-bramy-garazowej\/\">bram\u0119 gara\u017cow\u0105.<\/a><\/p>\n<h3>Malowanie mebli kuchennych<\/h3>\n<p style=\"text-align: justify;\">Farba powinna mie\u0107 jednorodn\u0105 konsystencj\u0119. <strong>Wymieszajmy j\u0105 przed u\u017cyciem.<\/strong><\/p>\n<p style=\"text-align: center;\"><img class=\"aligncenter wp-image-6840 size-full lazy\" data-src=\"https:\/\/www.noxan.pl\/porady\/wp-content\/uploads\/2019\/07\/mieszanie-RD-Aquatop-PU-1-1.jpg\" alt=\"mieszanie RD-Aquatop PU\" width=\"640\" height=\"auto\" \/><\/p>\n<p style=\"text-align: justify;\">Malujemy za pomoc\u0105 <a title=\"wa\u0142ek malarski\" href=\"https:\/\/www.noxan.pl\/narzedzia\/walek-malarski-do-epoksydow-poliuretanow.html#walek-z-mikrofibry\">wa\u0142ka z mikrofibry<\/a>. Zalecamy ten wa\u0142ek, gdy\u017c pozwala uzyska\u0107 \u0142adny efekt estetyczny.<\/p>\n<p style=\"text-align: center;\"><img class=\"aligncenter wp-image-6840 size-full lazy\" data-src=\"https:\/\/www.noxan.pl\/porady\/wp-content\/uploads\/2019\/07\/malowanie-wa\u0142kiem-frontu-z-oklein\u0105-2.jpg\" alt=\"malowanie wa\u0142kiem frontu z oklein\u0105\" width=\"640\" height=\"auto\" \/><\/p>\n<p style=\"text-align: center;\"><img class=\"aligncenter wp-image-6840 size-full lazy\" data-src=\"https:\/\/www.noxan.pl\/porady\/wp-content\/uploads\/2019\/07\/malowanie-wa\u0142kiem-frontu-z-szyb\u0105-1.jpg\" alt=\"malowanie wa\u0142kiem frontu z szyb\u0105\" width=\"640\" height=\"auto\" \/><\/p>\n<div style=\"width: 160px; height: auto; background: #f5f5f5; border: 1px solid #ddd; padding: 15px; float: right; position: relative; margin-left: 50px;\"><img class=\"lazy\" style=\"margin-bottom: 15px;\" data-src=\"https:\/\/www.noxan.pl\/porady\/wp-content\/uploads\/2019\/07\/farba-na-meble-rd-aquatop-pu.jpg\" alt=\"Farba RD-Aquatop PU\" width=\"100%\" height=\"\" \/><br \/>\n<a style=\"font-size: 10pt; line-height: 1.5em; color: #b40c03; font-weight: bold;\" title=\"Farba RD-Aquatop PU\" href=\"https:\/\/www.noxan.pl\/higiena\/farba-do-kuchni.html\">SPRAWD\u0179: Farba RD-Aquatop PU<\/a><\/div>\n<p style=\"text-align: justify;\">Ju\u017c po <strong>1-2 godzinach<\/strong> nak\u0142adamy drug\u0105 warstw\u0119 farby RD-Aquatop PU.<br \/>\nDwie warstwy s\u0105 z regu\u0142y wystarczaj\u0105ce, zapewniaj\u0105 odpowiednie krycie oraz d\u0142ugotrwa\u0142\u0105 ochron\u0119.<\/p>\n<div style=\"clear: both;\"><\/div>\n<p style=\"text-align: center;\"><img class=\"aligncenter wp-image-6840 size-full lazy\" data-src=\"https:\/\/www.noxan.pl\/porady\/wp-content\/uploads\/2019\/07\/malowanie-drugiej-warstwy-2.jpg\" alt=\"malowanie drugiej warstwy\" width=\"640\" height=\"auto\" \/><\/p>\n<p style=\"text-align: justify;\">Zawieszamy fronty, montujemy uchwyty i gotowe! <strong>Skuteczny i prosty spos\u00f3b na odnowienie kuchennych.<\/strong><\/p>\n<p style=\"text-align: center;\"><img class=\"aligncenter wp-image-6840 size-full lazy\" data-src=\"https:\/\/www.noxan.pl\/porady\/wp-content\/uploads\/2019\/07\/fronty-szuflad-gotowe-1.jpg\" alt=\"fronty szuflad gotowe\" width=\"640\" height=\"auto\" \/><\/p>\n<p style=\"text-align: center;\"><img class=\"aligncenter wp-image-6840 size-full lazy\" data-src=\"https:\/\/www.noxan.pl\/porady\/wp-content\/uploads\/2019\/07\/fronty-wisz\u0105ce-gotowe-1.jpg\" alt=\"fronty wisz\u0105ce gotowe\" width=\"640\" height=\"auto\" \/><\/p>\n<p style=\"text-align: center;\"><img class=\"aligncenter wp-image-6840 size-full lazy\" data-src=\"https:\/\/www.noxan.pl\/porady\/wp-content\/uploads\/2019\/07\/wszystkie-fronty-gotowe-1.jpg\" alt=\"wszystkie fronty gotowe\" width=\"640\" height=\"auto\" \/><\/p>\n<p style=\"text-align: justify;\">Zobacz r\u00f3wnie\u017c porad\u0119: <a title=\"Porada - Malowanie p\u0142ytek kuchennych krok po kroku.\" href=\"https:\/\/www.noxan.pl\/porady\/malowanie-plytek-kuchennych-krok-po-kroku\/\">Malowanie p\u0142ytek kuchennych krok po kroku.<\/a><\/p>\n<p class=\"featured-products\">Polecane produkty<\/p>\n<div id=\"attachment_3369\" style=\"width: 160px\" class=\"wp-caption alignleft\"><a href=\"https:\/\/www.noxan.pl\/sklep\/farby-do-drewna-2w1\/589-farba-na-meble-rd-aquatop-pu.html\"><img aria-describedby=\"caption-attachment-3369\" class=\"wp-image-3369 size-thumbnail lazy\" data-src=\"https:\/\/www.noxan.pl\/porady\/wp-content\/uploads\/2019\/07\/farba-na-meble-rd-aquatop-pu-1.jpg\" alt=\"Farba RD-Aquatop PU\" width=\"150\" height=\"150\" \/><\/a><p id=\"caption-attachment-3369\" class=\"wp-caption-text\">Farba do mebli RD-AQUATOP PU<\/p><\/div>\n<div id=\"attachment_2137\" style=\"width: 160px\" class=\"wp-caption alignleft\"><a href=\"https:\/\/www.noxan.pl\/sklep\/walki-malarskie\/657-wa\u0142ek-malarski-z-mikrofibry.html\"><img aria-describedby=\"caption-attachment-2137\" class=\"size-thumbnail wp-image-2137 lazy\" data-src=\"https:\/\/www.noxan.pl\/porady\/wp-content\/uploads\/2019\/07\/wa\u0142ek-malarski-z-mikrofibry-2.jpg\" alt=\"wa\u0142ek-malarski-z-mikrofibry\" width=\"150\" height=\"150\" \/><\/a><p id=\"caption-attachment-2137\" class=\"wp-caption-text\">wa\u0142ek-malarski-z-mikrofibry<\/p><\/div>\n<div id=\"attachment_6512\" style=\"width: 160px\" class=\"wp-caption alignleft\"><a href=\"https:\/\/www.noxan.pl\/sklep\/kuwety-wiadra-mieszad%C5%82a\/231-kuweta-do-malowania-profesjonalna.html\"><img aria-describedby=\"caption-attachment-6512\" class=\"size-thumbnail wp-image-6512 lazy\" data-src=\"https:\/\/www.noxan.pl\/porady\/wp-content\/uploads\/2018\/12\/kuweta-do-malowania-profesjonalna-150x150.jpg\" alt=\"Kuweta malarska\" width=\"150\" height=\"150\" srcset=\"https:\/\/www.noxan.pl\/porady\/wp-content\/uploads\/2018\/12\/kuweta-do-malowania-profesjonalna-150x150.jpg 150w, https:\/\/www.noxan.pl\/porady\/wp-content\/uploads\/2018\/12\/kuweta-do-malowania-profesjonalna-360x360.jpg 360w, https:\/\/www.noxan.pl\/porady\/wp-content\/uploads\/2018\/12\/kuweta-do-malowania-profesjonalna-768x768.jpg 768w, https:\/\/www.noxan.pl\/porady\/wp-content\/uploads\/2018\/12\/kuweta-do-malowania-profesjonalna.jpg 800w\" sizes=\"(max-width: 150px) 100vw, 150px\" \/><\/a><p id=\"caption-attachment-6512\" class=\"wp-caption-text\">Kuweta malarska<\/p><\/div>\n","protected":false},"excerpt":{"rendered":"<p>Twoje meble kuchenne przesta\u0142y wygl\u0105da\u0107 estetycznie? Rozwa\u017casz mi\u0119dzy kupnem nowych a renowacj\u0105 starych? Zakup nowych mebli kuchennych bez w\u0105tpienia by\u0142by [&hellip;]<\/p>\n","protected":false},"author":1,"featured_media":8012,"comment_status":"open","ping_status":"open","sticky":false,"template":"","format":"standard","meta":{"footnotes":""},"categories":[960,943],"tags":[],"class_list":["post-7970","post","type-post","status-publish","format-standard","has-post-thumbnail","hentry","category-renowacja-mebli","category-odnow-nie-wyrzucaj"],"_links":{"self":[{"href":"https:\/\/www.noxan.pl\/porady\/wp-json\/wp\/v2\/posts\/7970","targetHints":{"allow":["GET"]}}],"collection":[{"href":"https:\/\/www.noxan.pl\/porady\/wp-json\/wp\/v2\/posts"}],"about":[{"href":"https:\/\/www.noxan.pl\/porady\/wp-json\/wp\/v2\/types\/post"}],"author":[{"embeddable":true,"href":"https:\/\/www.noxan.pl\/porady\/wp-json\/wp\/v2\/users\/1"}],"replies":[{"embeddable":true,"href":"https:\/\/www.noxan.pl\/porady\/wp-json\/wp\/v2\/comments?post=7970"}],"version-history":[{"count":61,"href":"https:\/\/www.noxan.pl\/porady\/wp-json\/wp\/v2\/posts\/7970\/revisions"}],"predecessor-version":[{"id":18770,"href":"https:\/\/www.noxan.pl\/porady\/wp-json\/wp\/v2\/posts\/7970\/revisions\/18770"}],"wp:featuredmedia":[{"embeddable":true,"href":"https:\/\/www.noxan.pl\/porady\/wp-json\/wp\/v2\/media\/8012"}],"wp:attachment":[{"href":"https:\/\/www.noxan.pl\/porady\/wp-json\/wp\/v2\/media?parent=7970"}],"wp:term":[{"taxonomy":"category","embeddable":true,"href":"https:\/\/www.noxan.pl\/porady\/wp-json\/wp\/v2\/categories?post=7970"},{"taxonomy":"post_tag","embeddable":true,"href":"https:\/\/www.noxan.pl\/porady\/wp-json\/wp\/v2\/tags?post=7970"}],"curies":[{"name":"wp","href":"https:\/\/api.w.org\/{rel}","templated":true}]}}